{"id":4380,"date":"2021-05-14T16:07:44","date_gmt":"2021-05-14T14:07:44","guid":{"rendered":"https:\/\/www.eventindustriali.com\/il-mese-della-manutenzione\/?p=4380"},"modified":"2021-05-25T16:53:19","modified_gmt":"2021-05-25T14:53:19","slug":"monforte-ferrario-aiman","status":"publish","type":"post","link":"https:\/\/www.eventindustriali.com\/il-mese-della-manutenzione\/monforte-ferrario-aiman\/","title":{"rendered":"Monforte Ferrario &#8211; A.I.MAN."},"content":{"rendered":"<div class=\"flex_column av_one_full  flex_column_div av-zero-column-padding first  avia-builder-el-0  avia-builder-el-no-sibling  \" style='border-radius:0px; '><section class=\"av_textblock_section \"  itemscope=\"itemscope\" itemtype=\"https:\/\/schema.org\/BlogPosting\" itemprop=\"blogPost\" ><div class='avia_textblock  '   itemprop=\"text\" ><h3><\/h3>\n<h3>Il ruolo del manutentore nella trasformazione delle organizzazioni<\/h3>\n<p><strong>Webinar:\u00a0<\/strong><\/p>\n<p><strong>Mercoled\u00ec 30 giugno alle 15.30<\/strong><\/p>\n<\/div><\/section><br \/>\n<div class='avia-button-wrap avia-button-center  avia-builder-el-2  el_after_av_textblock  el_before_av_textblock  '><a href='https:\/\/docs.google.com\/forms\/d\/e\/1FAIpQLSfoYS39TNN133msdPz55-rtg9ZIhVrMErEwv02qiOjQH4tnGg\/viewform?embedded=true'  class='avia-button   avia-icon_select-no avia-color-custom avia-size-x-large avia-position-center '  style='background-color:#4ba2ea; border-color:#4ba2ea; color:#ffffff; ' ><span class='avia_iconbox_title' >ISCRIVITI PER PARTECIPARE AL WEBINAR<\/span><\/a><\/div><br \/>\n<section class=\"av_textblock_section \"  itemscope=\"itemscope\" itemtype=\"https:\/\/schema.org\/BlogPosting\" itemprop=\"blogPost\" ><div class='avia_textblock  '   itemprop=\"text\" ><p><strong>Relatore<\/strong>: Rinaldo Monforte Ferrario,\u00a0<em>Consigliere\u00a0<\/em>A.I.MAN.<\/p>\n<p><img loading=\"lazy\" class=\"wp-image-4264 alignleft\" src=\"https:\/\/www.eventindustriali.com\/il-mese-della-manutenzione\/wp-content\/uploads\/2021\/05\/Rinaldo-Monforte-Ferrario-270x300.jpeg\" alt=\"\" width=\"234\" height=\"260\" srcset=\"https:\/\/www.eventindustriali.com\/il-mese-della-manutenzione\/wp-content\/uploads\/2021\/05\/Rinaldo-Monforte-Ferrario-270x300.jpeg 270w, https:\/\/www.eventindustriali.com\/il-mese-della-manutenzione\/wp-content\/uploads\/2021\/05\/Rinaldo-Monforte-Ferrario.jpeg 360w\" sizes=\"(max-width: 234px) 100vw, 234px\" \/><\/p>\n<p>Si \u00e8 laureato in Ingegneria chimica presso il Politecnico di Milano ed \u00e8 iscritto all\u2019ordine degli ingegneri della Provincia di Bergamo. Direttore di Stabilimento presso il Gruppo Sapio, Produzione e Commercializzazione Gas tecnici alimentari, medicinali, puri e ultrapuri.<br \/>\nAttivit\u00e0 di gestione del sito produttivo per quanto riguarda attivit\u00e0 di produzioni primarie, secondarie, manutenzione, controllo qualit\u00e0, logistica e servizi. Gestione delle risorse umane dello stabilimento. Responsabilit\u00e0 e controllo degli aspetti inerenti sicurezza, ambiente e qualit\u00e0. Ricopre anche la funzione di \u201cgestore\u201d ai sensi del D. Lgs 105\/15 in quanto lo stabilimento \u00e8 a rischio di incidente rilevante. E\u2019 Dirigente Subdelegato ai sensi del D. Lgs 81\/08. E\u2019 Garante Qualit\u00e0 per l\u2019officina di produzione di gas medicinali. Nell\u2019ambito di questa esperienza, oltre ad arricchire le personali competenze tecniche precedentemente maturate, sta maturando anche esperienza nella gestione delle risorse umane di cui \u00e8 responsabile. Ricopre la funzione di Responsabile e Direttore Tecnico di un deposito da 4 t di ammoniaca distaccato e di Direttore del Laboratorio LAT 234 per la produzione di materiali di riferimento gassosi, accreditato da ACCREDIA.<\/p>\n<\/div><\/section><\/p><\/div>\n","protected":false},"excerpt":{"rendered":"","protected":false},"author":2,"featured_media":0,"comment_status":"open","ping_status":"open","sticky":false,"template":"","format":"standard","meta":[],"categories":[1],"tags":[],"acf":[],"_links":{"self":[{"href":"https:\/\/www.eventindustriali.com\/il-mese-della-manutenzione\/wp-json\/wp\/v2\/posts\/4380"}],"collection":[{"href":"https:\/\/www.eventindustriali.com\/il-mese-della-manutenzione\/wp-json\/wp\/v2\/posts"}],"about":[{"href":"https:\/\/www.eventindustriali.com\/il-mese-della-manutenzione\/wp-json\/wp\/v2\/types\/post"}],"author":[{"embeddable":true,"href":"https:\/\/www.eventindustriali.com\/il-mese-della-manutenzione\/wp-json\/wp\/v2\/users\/2"}],"replies":[{"embeddable":true,"href":"https:\/\/www.eventindustriali.com\/il-mese-della-manutenzione\/wp-json\/wp\/v2\/comments?post=4380"}],"version-history":[{"count":5,"href":"https:\/\/www.eventindustriali.com\/il-mese-della-manutenzione\/wp-json\/wp\/v2\/posts\/4380\/revisions"}],"predecessor-version":[{"id":4761,"href":"https:\/\/www.eventindustriali.com\/il-mese-della-manutenzione\/wp-json\/wp\/v2\/posts\/4380\/revisions\/4761"}],"wp:attachment":[{"href":"https:\/\/www.eventindustriali.com\/il-mese-della-manutenzione\/wp-json\/wp\/v2\/media?parent=4380"}],"wp:term":[{"taxonomy":"category","embeddable":true,"href":"https:\/\/www.eventindustriali.com\/il-mese-della-manutenzione\/wp-json\/wp\/v2\/categories?post=4380"},{"taxonomy":"post_tag","embeddable":true,"href":"https:\/\/www.eventindustriali.com\/il-mese-della-manutenzione\/wp-json\/wp\/v2\/tags?post=4380"}],"curies":[{"name":"wp","href":"https:\/\/api.w.org\/{rel}","templated":true}]}}